{"id":13354,"date":"2023-09-27T17:22:43","date_gmt":"2023-09-27T16:22:43","guid":{"rendered":"https:\/\/aidaballmann.com\/die-siebte-ausgabe-des-filmfestivals-insularia-islas-en-red-beginnt\/"},"modified":"2024-03-11T19:55:25","modified_gmt":"2024-03-11T18:55:25","slug":"die-siebte-ausgabe-des-filmfestivals-insularia-islas-en-red-beginnt","status":"publish","type":"post","link":"https:\/\/aidaballmann.com\/de\/die-siebte-ausgabe-des-filmfestivals-insularia-islas-en-red-beginnt\/","title":{"rendered":"Die siebte Ausgabe des Filmfestivals Insularia Islas en Red beginnt"},"content":{"rendered":"\n<p><\/p>\n\n<p>El Hierro ist erneut der Hauptsitz von Insularia, das dieses Jahr den Balearen gewidmet ist, mit der offiziellen Er\u00f6ffnung anhand der Schauspielerin und Kunstleiterin A\u00efda Ballmann und den Kulturrat des Stadtrats von Frontera, Norberto Betancor Gonz\u00e1lez. Beide werden das Publikum zur Vorf\u00fchrung der Dokumentarfilme \u201ePetricor\u201c (2022), unter der Regie von Victoria Morell, und \u201eSacrifici\u201c (2020) von Sof\u00eda Martell und Lluis Prieto begr\u00fc\u00dfen.<\/p>\n\n<div class=\"wp-block-buttons alignwide is-content-justification-center is-layout-flex wp-container-core-buttons-is-layout-16018d1d wp-block-buttons-is-layout-flex\">\n<div class=\"wp-block-button\"><a class=\"wp-block-button__link wp-element-button\" href=\"https:\/\/www.diarioelhierro.es\/la-realizadora-victoria-morell-inaugura-este-jueves-en-frontera-el-festival-de-cine-insularia\" target=\"_blank\" rel=\"noreferrer noopener\">Diario El Hierro<\/a><\/div>\n<\/div>\n","protected":false},"excerpt":{"rendered":"<p>A\u00efda Ballmann, Kunstleiterin des Festivals, gibt Programm und G\u00e4ste bekannt<\/p>\n","protected":false},"author":2,"featured_media":13441,"comment_status":"closed","ping_status":"closed","sticky":false,"template":"","format":"standard","meta":{"footnotes":""},"categories":[922,926],"tags":[1263,1265],"class_list":["post-13354","post","type-post","status-publish","format-standard","has-post-thumbnail","hentry","category-festival-de","category-nachrichten","tag-filmfestival","tag-insularia-de"],"_links":{"self":[{"href":"https:\/\/aidaballmann.com\/de\/wp-json\/wp\/v2\/posts\/13354","targetHints":{"allow":["GET"]}}],"collection":[{"href":"https:\/\/aidaballmann.com\/de\/wp-json\/wp\/v2\/posts"}],"about":[{"href":"https:\/\/aidaballmann.com\/de\/wp-json\/wp\/v2\/types\/post"}],"author":[{"embeddable":true,"href":"https:\/\/aidaballmann.com\/de\/wp-json\/wp\/v2\/users\/2"}],"replies":[{"embeddable":true,"href":"https:\/\/aidaballmann.com\/de\/wp-json\/wp\/v2\/comments?post=13354"}],"version-history":[{"count":4,"href":"https:\/\/aidaballmann.com\/de\/wp-json\/wp\/v2\/posts\/13354\/revisions"}],"predecessor-version":[{"id":13360,"href":"https:\/\/aidaballmann.com\/de\/wp-json\/wp\/v2\/posts\/13354\/revisions\/13360"}],"wp:featuredmedia":[{"embeddable":true,"href":"https:\/\/aidaballmann.com\/de\/wp-json\/wp\/v2\/media\/13441"}],"wp:attachment":[{"href":"https:\/\/aidaballmann.com\/de\/wp-json\/wp\/v2\/media?parent=13354"}],"wp:term":[{"taxonomy":"category","embeddable":true,"href":"https:\/\/aidaballmann.com\/de\/wp-json\/wp\/v2\/categories?post=13354"},{"taxonomy":"post_tag","embeddable":true,"href":"https:\/\/aidaballmann.com\/de\/wp-json\/wp\/v2\/tags?post=13354"}],"curies":[{"name":"wp","href":"https:\/\/api.w.org\/{rel}","templated":true}]}}