{"id":10564,"date":"2021-07-30T17:04:03","date_gmt":"2021-07-30T16:04:03","guid":{"rendered":"https:\/\/aidaballmann.com\/die-dreharbeiten-zu-gleich-einer-verfilmung-des-romans-el-sendero-bimbache-beginnen-am-2-august-in-el-hierro\/"},"modified":"2023-02-16T10:50:41","modified_gmt":"2023-02-16T09:50:41","slug":"die-dreharbeiten-zu-gleich-einer-verfilmung-des-romans-el-sendero-bimbache-beginnen-am-2-august-in-el-hierro","status":"publish","type":"post","link":"https:\/\/aidaballmann.com\/de\/die-dreharbeiten-zu-gleich-einer-verfilmung-des-romans-el-sendero-bimbache-beginnen-am-2-august-in-el-hierro\/","title":{"rendered":"Die Dreharbeiten zu &#8220;Gleich&#8221;, einer Verfilmung des Romans &#8220;El sendero bimbache&#8221;, beginnen am 2. August in El Hierro"},"content":{"rendered":"\n<div class=\"wp-block-media-text is-stacked-on-mobile\"><figure class=\"wp-block-media-text__media\"><img loading=\"lazy\" decoding=\"async\" width=\"1024\" height=\"768\" src=\"https:\/\/aidaballmann.com\/wp-content\/uploads\/2021\/07\/aida-ballmman-gleich-3.webp\" alt=\"\" class=\"wp-image-12289 size-full\" srcset=\"https:\/\/aidaballmann.com\/wp-content\/uploads\/2021\/07\/aida-ballmman-gleich-3.webp 1024w, https:\/\/aidaballmann.com\/wp-content\/uploads\/2021\/07\/aida-ballmman-gleich-3-300x225.webp 300w, https:\/\/aidaballmann.com\/wp-content\/uploads\/2021\/07\/aida-ballmman-gleich-3-768x576.webp 768w\" sizes=\"auto, (max-width: 1024px) 100vw, 1024px\" \/><\/figure><div class=\"wp-block-media-text__content\">\n<p>Eine kanarische Produktion, die zwischen Teneriffa und El Hierro von der Produktionsfirma Nostrana Films gedreht wird. Der Roman &#8220;El sendero bimbache&#8221; von Jeniffer Casta\u00f1eda Garc\u00eda wurde 2015 von Le Canarien Ediciones ver\u00f6ffentlicht. (\u2026)<\/p>\n\n\n\n<p>Ein emotionales Drama, in dem die Inseln eine wichtige Rolle spielen. Drehbuch und Regie stammen von der Regisseurin Jeniffer Casta\u00f1eda Garc\u00eda aus Teneriffa, die Kamera f\u00fchrt Iombi Garc\u00eda, die Schauspieler sind Jos\u00e9 Luis de Madariaga, Nieves Bravo, Aida Ballmann, Sergio Hern\u00e1ndez, Morad Azzaaoui und Thomas Schumman.<\/p>\n\n\n\n<div class=\"wp-block-buttons is-layout-flex wp-block-buttons-is-layout-flex\">\n<div class=\"wp-block-button\"><a class=\"wp-block-button__link wp-element-button\" href=\"http:\/\/gacetadelmeridiano.com\/index.php\/la-isla\/108-sociedad\/8515-el-proximo-2-de-agosto-comienza-en-el-hierro-el-rodaje-de-gleich-una-adaptacion-de-la-novela-el-sendero-bimbache\" target=\"_blank\" rel=\"noreferrer noopener\">Artikel in La Gaceta del Meridiano lesen<\/a><\/div>\n\n\n\n<div class=\"wp-block-button\"><a class=\"wp-block-button__link wp-element-button\" href=\"https:\/\/diariodeavisos.elespanol.com\/2021\/07\/tenerife-y-el-hierro-escenarios-del-rodaje-de-la-pelicula-gleich\/\" target=\"_blank\" rel=\"noreferrer noopener\">Artikel in El Diario de Avisos lesen<\/a><\/div>\n<\/div>\n<\/div><\/div>\n","protected":false},"excerpt":{"rendered":"<p>A\u00efda Ballmann ist Teil der Besetzung dieses Films<\/p>\n","protected":false},"author":2,"featured_media":11888,"comment_status":"closed","ping_status":"closed","sticky":false,"template":"","format":"standard","meta":{"footnotes":""},"categories":[942],"tags":[813,1127,1128],"class_list":["post-10564","post","type-post","status-publish","format-standard","has-post-thumbnail","hentry","category-filmaufnahmen","tag-film-und-dokumentarfilm","tag-gleich-de","tag-jeniffer-castaneda-de"],"_links":{"self":[{"href":"https:\/\/aidaballmann.com\/de\/wp-json\/wp\/v2\/posts\/10564","targetHints":{"allow":["GET"]}}],"collection":[{"href":"https:\/\/aidaballmann.com\/de\/wp-json\/wp\/v2\/posts"}],"about":[{"href":"https:\/\/aidaballmann.com\/de\/wp-json\/wp\/v2\/types\/post"}],"author":[{"embeddable":true,"href":"https:\/\/aidaballmann.com\/de\/wp-json\/wp\/v2\/users\/2"}],"replies":[{"embeddable":true,"href":"https:\/\/aidaballmann.com\/de\/wp-json\/wp\/v2\/comments?post=10564"}],"version-history":[{"count":5,"href":"https:\/\/aidaballmann.com\/de\/wp-json\/wp\/v2\/posts\/10564\/revisions"}],"predecessor-version":[{"id":12293,"href":"https:\/\/aidaballmann.com\/de\/wp-json\/wp\/v2\/posts\/10564\/revisions\/12293"}],"wp:featuredmedia":[{"embeddable":true,"href":"https:\/\/aidaballmann.com\/de\/wp-json\/wp\/v2\/media\/11888"}],"wp:attachment":[{"href":"https:\/\/aidaballmann.com\/de\/wp-json\/wp\/v2\/media?parent=10564"}],"wp:term":[{"taxonomy":"category","embeddable":true,"href":"https:\/\/aidaballmann.com\/de\/wp-json\/wp\/v2\/categories?post=10564"},{"taxonomy":"post_tag","embeddable":true,"href":"https:\/\/aidaballmann.com\/de\/wp-json\/wp\/v2\/tags?post=10564"}],"curies":[{"name":"wp","href":"https:\/\/api.w.org\/{rel}","templated":true}]}}